{"id":2755,"date":"2020-09-04T01:23:54","date_gmt":"2020-09-04T01:23:54","guid":{"rendered":"http:\/\/blogs.stmaur.ac.jp\/fsr\/?p=2755"},"modified":"2020-09-04T01:23:54","modified_gmt":"2020-09-04T01:23:54","slug":"lart-des-ce2","status":"publish","type":"post","link":"https:\/\/blogs.stmaur.ac.jp\/fsr\/2020\/09\/04\/lart-des-ce2\/","title":{"rendered":"L&#8217;art des CE2!"},"content":{"rendered":"<h4>Cette semaine les \u00e9l\u00e8ves de CE2 sont all\u00e9s dans la classe de M. Geyer pour leur s\u00e9ance d&#8217;art.<\/p>\n<p>Voici le <strong><span style=\"color: #ffcc00;\">magnifique<\/span><\/strong> r\u00e9sultat! <a href=\"https:\/\/blogs.stmaur.ac.jp\/fsr\/files\/2020\/09\/IMG_4305.jpg\"><img loading=\"lazy\" decoding=\"async\" class=\"alignnone size-medium wp-image-2756\" src=\"https:\/\/blogs.stmaur.ac.jp\/fsr\/files\/2020\/09\/IMG_4305-300x225.jpg\" alt=\"\" width=\"300\" height=\"225\" srcset=\"https:\/\/blogs.stmaur.ac.jp\/fsr\/files\/2020\/09\/IMG_4305-300x225.jpg 300w, https:\/\/blogs.stmaur.ac.jp\/fsr\/files\/2020\/09\/IMG_4305-1024x768.jpg 1024w, https:\/\/blogs.stmaur.ac.jp\/fsr\/files\/2020\/09\/IMG_4305-768x576.jpg 768w, https:\/\/blogs.stmaur.ac.jp\/fsr\/files\/2020\/09\/IMG_4305-1536x1152.jpg 1536w, https:\/\/blogs.stmaur.ac.jp\/fsr\/files\/2020\/09\/IMG_4305-750x563.jpg 750w, https:\/\/blogs.stmaur.ac.jp\/fsr\/files\/2020\/09\/IMG_4305.jpg 1920w\" sizes=\"auto, (max-width: 300px) 100vw, 300px\" \/><\/a> <a href=\"https:\/\/blogs.stmaur.ac.jp\/fsr\/files\/2020\/09\/IMG_4306.jpg\"><img loading=\"lazy\" decoding=\"async\" class=\"alignnone size-medium wp-image-2757\" src=\"https:\/\/blogs.stmaur.ac.jp\/fsr\/files\/2020\/09\/IMG_4306-300x225.jpg\" alt=\"\" width=\"300\" height=\"225\" srcset=\"https:\/\/blogs.stmaur.ac.jp\/fsr\/files\/2020\/09\/IMG_4306-300x225.jpg 300w, https:\/\/blogs.stmaur.ac.jp\/fsr\/files\/2020\/09\/IMG_4306-1024x768.jpg 1024w, https:\/\/blogs.stmaur.ac.jp\/fsr\/files\/2020\/09\/IMG_4306-768x576.jpg 768w, https:\/\/blogs.stmaur.ac.jp\/fsr\/files\/2020\/09\/IMG_4306-1536x1152.jpg 1536w, https:\/\/blogs.stmaur.ac.jp\/fsr\/files\/2020\/09\/IMG_4306-750x563.jpg 750w, https:\/\/blogs.stmaur.ac.jp\/fsr\/files\/2020\/09\/IMG_4306.jpg 1920w\" sizes=\"auto, (max-width: 300px) 100vw, 300px\" \/><\/a><\/h4>\n","protected":false},"excerpt":{"rendered":"<p>Cette semaine les \u00e9l\u00e8ves de CE2 sont all\u00e9s dans la classe de M. Geyer pour leur s\u00e9ance d&#8217;art. Voici le magnifique r\u00e9sultat!<\/p>\n","protected":false},"author":134,"featured_media":0,"comment_status":"open","ping_status":"open","sticky":false,"template":"","format":"standard","meta":{"footnotes":""},"categories":[1],"tags":[],"class_list":["post-2755","post","type-post","status-publish","format-standard","hentry","category-uncategorized"],"_links":{"self":[{"href":"https:\/\/blogs.stmaur.ac.jp\/fsr\/wp-json\/wp\/v2\/posts\/2755","targetHints":{"allow":["GET"]}}],"collection":[{"href":"https:\/\/blogs.stmaur.ac.jp\/fsr\/wp-json\/wp\/v2\/posts"}],"about":[{"href":"https:\/\/blogs.stmaur.ac.jp\/fsr\/wp-json\/wp\/v2\/types\/post"}],"author":[{"embeddable":true,"href":"https:\/\/blogs.stmaur.ac.jp\/fsr\/wp-json\/wp\/v2\/users\/134"}],"replies":[{"embeddable":true,"href":"https:\/\/blogs.stmaur.ac.jp\/fsr\/wp-json\/wp\/v2\/comments?post=2755"}],"version-history":[{"count":1,"href":"https:\/\/blogs.stmaur.ac.jp\/fsr\/wp-json\/wp\/v2\/posts\/2755\/revisions"}],"predecessor-version":[{"id":2758,"href":"https:\/\/blogs.stmaur.ac.jp\/fsr\/wp-json\/wp\/v2\/posts\/2755\/revisions\/2758"}],"wp:attachment":[{"href":"https:\/\/blogs.stmaur.ac.jp\/fsr\/wp-json\/wp\/v2\/media?parent=2755"}],"wp:term":[{"taxonomy":"category","embeddable":true,"href":"https:\/\/blogs.stmaur.ac.jp\/fsr\/wp-json\/wp\/v2\/categories?post=2755"},{"taxonomy":"post_tag","embeddable":true,"href":"https:\/\/blogs.stmaur.ac.jp\/fsr\/wp-json\/wp\/v2\/tags?post=2755"}],"curies":[{"name":"wp","href":"https:\/\/api.w.org\/{rel}","templated":true}]}}