{"id":1254,"date":"2018-01-24T05:14:32","date_gmt":"2018-01-24T05:14:32","guid":{"rendered":"http:\/\/blogs.stmaur.ac.jp\/fst\/?p=1254"},"modified":"2018-01-24T05:14:32","modified_gmt":"2018-01-24T05:14:32","slug":"deux-departs-avant-la-nouvelle-annee","status":"publish","type":"post","link":"https:\/\/blogs.stmaur.ac.jp\/fsr\/2018\/01\/24\/deux-departs-avant-la-nouvelle-annee\/","title":{"rendered":"Deux d\u00e9parts avant la nouvelle ann\u00e9e"},"content":{"rendered":"<p><span style=\"font-weight: 400;\"><a href=\"http:\/\/blogs.stmaur.ac.jp\/fst\/files\/2018\/01\/IMG_0675-1a0gfr2.jpg\"><img loading=\"lazy\" decoding=\"async\" class=\"alignnone size-medium wp-image-1256\" src=\"http:\/\/blogs.stmaur.ac.jp\/fst\/files\/2018\/01\/IMG_0675-1a0gfr2-300x225.jpg\" alt=\"\" width=\"300\" height=\"225\" \/><\/a> <a href=\"http:\/\/blogs.stmaur.ac.jp\/fst\/files\/2018\/01\/IMG_0676-smxcaa.jpg\"><img loading=\"lazy\" decoding=\"async\" class=\"alignnone size-medium wp-image-1257\" src=\"http:\/\/blogs.stmaur.ac.jp\/fst\/files\/2018\/01\/IMG_0676-smxcaa-300x225.jpg\" alt=\"\" width=\"300\" height=\"225\" \/><\/a> <a href=\"http:\/\/blogs.stmaur.ac.jp\/fst\/files\/2018\/01\/IMG_0679-1snlwi2.jpg\"><img loading=\"lazy\" decoding=\"async\" class=\"alignnone size-medium wp-image-1258\" src=\"http:\/\/blogs.stmaur.ac.jp\/fst\/files\/2018\/01\/IMG_0679-1snlwi2-300x225.jpg\" alt=\"\" width=\"300\" height=\"225\" \/><\/a> <a href=\"http:\/\/blogs.stmaur.ac.jp\/fst\/files\/2018\/01\/IMG_0713-2314u89.jpg\"><img loading=\"lazy\" decoding=\"async\" class=\"alignnone size-medium wp-image-1259\" src=\"http:\/\/blogs.stmaur.ac.jp\/fst\/files\/2018\/01\/IMG_0713-2314u89-300x225.jpg\" alt=\"\" width=\"300\" height=\"225\" \/><\/a>H\u00e9las,le 8 d\u00e9cembre <\/span><span style=\"font-weight: 400;\">G.I.<\/span><span style=\"font-weight: 400;\"> un jeune gar\u00e7on de CM2 nous a quitt\u00e9, il a d\u00fb partir en Hongrie. Pour son d\u00e9part, toute la classe lui a fait un petit livre, on a tous mis notre photo et chaque \u00e9l\u00e8ve a \u00e9crit un petit texte. On a fabriqu\u00e9 le petit livre en secret; chaque jour apr\u00e8s l&#8217;\u00e9cole un \u00e9l\u00e8ve devait passer le livre sans que Gleb ne nous voit C&#8217;\u00e9tait un peu difficile car parfois il voulait discuter avec nous. <\/span><\/p>\n<p><span style=\"font-weight: 400;\">Le d\u00e9part de <\/span><span style=\"font-weight: 400;\">LL\u00a0<\/span><span style=\"font-weight: 400;\">a aussi \u00e9t\u00e9 un moment difficile, elle est partie le 14 d\u00e9cembre c&#8217;est a dire \u00e0 la fin du premier trimestre. Lina n&#8217;est pas partie dans un autre pays mais elle est partie dans une \u00e9cole japonaise donc c&#8217;\u00e9tait encore facile de rester en contact avec elle. Comme pour Gleb, nous lui avons fabriqu\u00e9 un petit livre, on ne voulait pas qu il y ait de jaloux!! Elle est partie le jour o\u00f9 nous avions un pot luc avec M.kebe et ou on pouvait amener des accessoires de\u00a0<b>No\u00ebl.<\/b><\/span><\/p>\n<p>GLD<\/p>\n","protected":false},"excerpt":{"rendered":"<p>H\u00e9las,le 8 d\u00e9cembre G.I. un jeune gar\u00e7on de CM2 nous a quitt\u00e9, il a d\u00fb partir en Hongrie. Pour son d\u00e9part, toute la classe lui a fait un petit livre, on a tous mis notre photo et chaque \u00e9l\u00e8ve a \u00e9crit un petit texte. On a fabriqu\u00e9 le petit livre en secret; chaque jour apr\u00e8s [&hellip;]<\/p>\n","protected":false},"author":87,"featured_media":0,"comment_status":"open","ping_status":"open","sticky":false,"template":"","format":"standard","meta":{"footnotes":""},"categories":[1],"tags":[],"class_list":["post-1254","post","type-post","status-publish","format-standard","hentry","category-uncategorized"],"_links":{"self":[{"href":"https:\/\/blogs.stmaur.ac.jp\/fsr\/wp-json\/wp\/v2\/posts\/1254","targetHints":{"allow":["GET"]}}],"collection":[{"href":"https:\/\/blogs.stmaur.ac.jp\/fsr\/wp-json\/wp\/v2\/posts"}],"about":[{"href":"https:\/\/blogs.stmaur.ac.jp\/fsr\/wp-json\/wp\/v2\/types\/post"}],"author":[{"embeddable":true,"href":"https:\/\/blogs.stmaur.ac.jp\/fsr\/wp-json\/wp\/v2\/users\/87"}],"replies":[{"embeddable":true,"href":"https:\/\/blogs.stmaur.ac.jp\/fsr\/wp-json\/wp\/v2\/comments?post=1254"}],"version-history":[{"count":2,"href":"https:\/\/blogs.stmaur.ac.jp\/fsr\/wp-json\/wp\/v2\/posts\/1254\/revisions"}],"predecessor-version":[{"id":1260,"href":"https:\/\/blogs.stmaur.ac.jp\/fsr\/wp-json\/wp\/v2\/posts\/1254\/revisions\/1260"}],"wp:attachment":[{"href":"https:\/\/blogs.stmaur.ac.jp\/fsr\/wp-json\/wp\/v2\/media?parent=1254"}],"wp:term":[{"taxonomy":"category","embeddable":true,"href":"https:\/\/blogs.stmaur.ac.jp\/fsr\/wp-json\/wp\/v2\/categories?post=1254"},{"taxonomy":"post_tag","embeddable":true,"href":"https:\/\/blogs.stmaur.ac.jp\/fsr\/wp-json\/wp\/v2\/tags?post=1254"}],"curies":[{"name":"wp","href":"https:\/\/api.w.org\/{rel}","templated":true}]}}