{"id":706,"date":"2017-01-25T11:07:17","date_gmt":"2017-01-25T02:07:17","guid":{"rendered":"http:\/\/blogs.stmaur.ac.jp\/fsk\/?p=706"},"modified":"2017-01-25T11:07:17","modified_gmt":"2017-01-25T02:07:17","slug":"magie","status":"publish","type":"post","link":"https:\/\/blogs.stmaur.ac.jp\/fsk\/2017\/01\/25\/magie\/","title":{"rendered":"MAGIE"},"content":{"rendered":"<p>Dans notre <strong><span style=\"color: #993366;\">deuxi\u00e8me livre de Gafi<\/span><\/strong>, le ma\u00eetre nous a dit qu&#8217;il y aura <strong><span style=\"color: #993366;\">beaucoup d&#8217;histoires avec de la magie<\/span><\/strong>. D&#8217;ailleurs l&#8217;histoire d&#8217;aujourd&#8217;hui a pour titre <em>Le cadre magique<\/em>.<\/p>\n<p>Pour nous mettre dans l&#8217;ambience, le ma\u00eetre nous a demand\u00e9, par \u00e9quipes de 2, soit de raconter une histoire de magie \u00e0 nos camarades, soit de leur pr\u00e9senter un tour de magie. Nous avons tous choisi de jouer les magiciennes et les magiciens ! <strong><span style=\"color: #993366;\">Abracadabra !<\/span><\/strong><\/p>\n<p><strong><span style=\"color: #cc99ff;\"><a href=\"http:\/\/blogs.stmaur.ac.jp\/fsk\/files\/2017\/01\/Le-tour-de-magie-de-Diane-et-Stella-14s6u88.png\"><img loading=\"lazy\" decoding=\"async\" class=\"alignnone  wp-image-707\" src=\"http:\/\/blogs.stmaur.ac.jp\/fsk\/files\/2017\/01\/Le-tour-de-magie-de-Diane-et-Stella-14s6u88-300x300.png\" alt=\"\" width=\"200\" height=\"200\" srcset=\"https:\/\/blogs.stmaur.ac.jp\/fsk\/files\/2017\/01\/Le-tour-de-magie-de-Diane-et-Stella-14s6u88-300x300.png 300w, https:\/\/blogs.stmaur.ac.jp\/fsk\/files\/2017\/01\/Le-tour-de-magie-de-Diane-et-Stella-14s6u88-150x150.png 150w, https:\/\/blogs.stmaur.ac.jp\/fsk\/files\/2017\/01\/Le-tour-de-magie-de-Diane-et-Stella-14s6u88-768x768.png 768w, https:\/\/blogs.stmaur.ac.jp\/fsk\/files\/2017\/01\/Le-tour-de-magie-de-Diane-et-Stella-14s6u88.png 909w\" sizes=\"auto, (max-width: 200px) 100vw, 200px\" \/><\/a>\u00a0 Le papier Volant<\/span><\/strong><\/p>\n<p>&nbsp;<\/p>\n<p><strong><span style=\"color: #cc99ff;\"><a href=\"http:\/\/blogs.stmaur.ac.jp\/fsk\/files\/2017\/01\/Le-tour-de-magie-de-Jasmin-et-Augustin-114sh5i.png\"><img loading=\"lazy\" decoding=\"async\" class=\"alignnone  wp-image-708\" src=\"http:\/\/blogs.stmaur.ac.jp\/fsk\/files\/2017\/01\/Le-tour-de-magie-de-Jasmin-et-Augustin-114sh5i-300x300.png\" alt=\"\" width=\"202\" height=\"202\" srcset=\"https:\/\/blogs.stmaur.ac.jp\/fsk\/files\/2017\/01\/Le-tour-de-magie-de-Jasmin-et-Augustin-114sh5i-300x300.png 300w, https:\/\/blogs.stmaur.ac.jp\/fsk\/files\/2017\/01\/Le-tour-de-magie-de-Jasmin-et-Augustin-114sh5i-150x150.png 150w, https:\/\/blogs.stmaur.ac.jp\/fsk\/files\/2017\/01\/Le-tour-de-magie-de-Jasmin-et-Augustin-114sh5i-768x768.png 768w, https:\/\/blogs.stmaur.ac.jp\/fsk\/files\/2017\/01\/Le-tour-de-magie-de-Jasmin-et-Augustin-114sh5i.png 909w\" sizes=\"auto, (max-width: 202px) 100vw, 202px\" \/><\/a>\u00a0 Le gobelet volant<\/span><\/strong><\/p>\n<p><strong><span style=\"color: #cc99ff;\"><a href=\"http:\/\/blogs.stmaur.ac.jp\/fsk\/files\/2017\/01\/Le-tour-de-magie-de-Mathis-et-Am\u00e9lie-sncum3.png\"><img loading=\"lazy\" decoding=\"async\" class=\"alignnone  wp-image-709\" src=\"http:\/\/blogs.stmaur.ac.jp\/fsk\/files\/2017\/01\/Le-tour-de-magie-de-Mathis-et-Am\u00e9lie-sncum3-300x300.png\" alt=\"\" width=\"206\" height=\"206\" srcset=\"https:\/\/blogs.stmaur.ac.jp\/fsk\/files\/2017\/01\/Le-tour-de-magie-de-Mathis-et-Am\u00e9lie-sncum3-300x300.png 300w, https:\/\/blogs.stmaur.ac.jp\/fsk\/files\/2017\/01\/Le-tour-de-magie-de-Mathis-et-Am\u00e9lie-sncum3-150x150.png 150w, https:\/\/blogs.stmaur.ac.jp\/fsk\/files\/2017\/01\/Le-tour-de-magie-de-Mathis-et-Am\u00e9lie-sncum3-768x768.png 768w, https:\/\/blogs.stmaur.ac.jp\/fsk\/files\/2017\/01\/Le-tour-de-magie-de-Mathis-et-Am\u00e9lie-sncum3.png 909w\" sizes=\"auto, (max-width: 206px) 100vw, 206px\" \/><\/a>\u00a0 Le d\u00e9 qui appara\u00eet<\/span><\/strong><\/p>\n<p>&nbsp;<\/p>\n","protected":false},"excerpt":{"rendered":"<p>Dans notre deuxi\u00e8me livre de Gafi, le ma\u00eetre nous a dit qu&#8217;il y aura beaucoup d&#8217;histoires avec de la magie. D&#8217;ailleurs l&#8217;histoire d&#8217;aujourd&#8217;hui a pour titre Le cadre magique. Pour nous mettre dans l&#8217;ambience, le ma\u00eetre nous a demand\u00e9, par \u00e9quipes de 2, soit de raconter une histoire de magie \u00e0 nos camarades, soit de&#8230; <a href=\"https:\/\/blogs.stmaur.ac.jp\/fsk\/2017\/01\/25\/magie\/\">Read more: MAGIE<\/a><\/p>\n","protected":false},"author":22,"featured_media":0,"comment_status":"open","ping_status":"open","sticky":false,"template":"","format":"standard","meta":{"footnotes":""},"categories":[1],"tags":[],"class_list":["post-706","post","type-post","status-publish","format-standard","hentry","category-uncategorized"],"_links":{"self":[{"href":"https:\/\/blogs.stmaur.ac.jp\/fsk\/wp-json\/wp\/v2\/posts\/706","targetHints":{"allow":["GET"]}}],"collection":[{"href":"https:\/\/blogs.stmaur.ac.jp\/fsk\/wp-json\/wp\/v2\/posts"}],"about":[{"href":"https:\/\/blogs.stmaur.ac.jp\/fsk\/wp-json\/wp\/v2\/types\/post"}],"author":[{"embeddable":true,"href":"https:\/\/blogs.stmaur.ac.jp\/fsk\/wp-json\/wp\/v2\/users\/22"}],"replies":[{"embeddable":true,"href":"https:\/\/blogs.stmaur.ac.jp\/fsk\/wp-json\/wp\/v2\/comments?post=706"}],"version-history":[{"count":1,"href":"https:\/\/blogs.stmaur.ac.jp\/fsk\/wp-json\/wp\/v2\/posts\/706\/revisions"}],"predecessor-version":[{"id":710,"href":"https:\/\/blogs.stmaur.ac.jp\/fsk\/wp-json\/wp\/v2\/posts\/706\/revisions\/710"}],"wp:attachment":[{"href":"https:\/\/blogs.stmaur.ac.jp\/fsk\/wp-json\/wp\/v2\/media?parent=706"}],"wp:term":[{"taxonomy":"category","embeddable":true,"href":"https:\/\/blogs.stmaur.ac.jp\/fsk\/wp-json\/wp\/v2\/categories?post=706"},{"taxonomy":"post_tag","embeddable":true,"href":"https:\/\/blogs.stmaur.ac.jp\/fsk\/wp-json\/wp\/v2\/tags?post=706"}],"curies":[{"name":"wp","href":"https:\/\/api.w.org\/{rel}","templated":true}]}}