{"id":643,"date":"2017-01-10T15:17:16","date_gmt":"2017-01-10T06:17:16","guid":{"rendered":"http:\/\/blogs.stmaur.ac.jp\/fsk\/?p=643"},"modified":"2017-01-12T12:39:19","modified_gmt":"2017-01-12T03:39:19","slug":"je-conjugue-au-present","status":"publish","type":"post","link":"https:\/\/blogs.stmaur.ac.jp\/fsk\/2017\/01\/10\/je-conjugue-au-present\/","title":{"rendered":"Je conjugue au pr\u00e9sent."},"content":{"rendered":"<p>Ce n&#8217;est pas si facile de conjuguer les verbes au pr\u00e9sent. Aujourd&#8217;hui, le ma\u00eetre nous a demand\u00e9 de nous interroger les uns les autres sur les conjugaisons au pr\u00e9sent, puis\u00a0de noter ce que nous savions bien faire et ce qui nous posait davantage de probl\u00e8mes.<\/p>\n<p><a href=\"http:\/\/blogs.stmaur.ac.jp\/fsk\/files\/2017\/01\/Je-conjugue-au-pr\u00e9sent-22rqpzu.png\" rel=\"attachment wp-att-644\"><img loading=\"lazy\" decoding=\"async\" class=\"alignnone wp-image-644\" src=\"http:\/\/blogs.stmaur.ac.jp\/fsk\/files\/2017\/01\/Je-conjugue-au-pr\u00e9sent-22rqpzu-300x300.png\" alt=\"je-conjugue-au-present\" width=\"222\" height=\"222\" \/><\/a> <a href=\"http:\/\/blogs.stmaur.ac.jp\/fsk\/files\/2017\/01\/Je-conjugue-au-pr\u00e9sent2-28tgnr6.png\" rel=\"attachment wp-att-645\"><img loading=\"lazy\" decoding=\"async\" class=\"alignnone wp-image-645\" src=\"http:\/\/blogs.stmaur.ac.jp\/fsk\/files\/2017\/01\/Je-conjugue-au-pr\u00e9sent2-28tgnr6-300x300.png\" alt=\"je-conjugue-au-present2\" width=\"221\" height=\"221\" \/><\/a><\/p>\n<p><strong><span style=\"color: #ff6600;\">Je<\/span><\/strong> m&#8217;entra\u00eene avec mes camarades.<\/p>\n<p><strong><span style=\"color: #00ffff;\">Tu\u00a0<\/span><\/strong>t&#8217;entra\u00eenes avec tes camarades.<\/p>\n<p><strong><span style=\"color: #993366;\">Il<\/span><\/strong> s&#8217;entra\u00eene avec ses camarades.<\/p>\n<p><strong><span style=\"color: #99cc00;\">Nous<\/span><\/strong> nous entra\u00eenons\u00a0 avec nos camarades.<\/p>\n<p>&#8230;<\/p>\n","protected":false},"excerpt":{"rendered":"<p>Ce n&#8217;est pas si facile de conjuguer les verbes au pr\u00e9sent. Aujourd&#8217;hui, le ma\u00eetre nous a demand\u00e9 de nous interroger les uns les autres sur les conjugaisons au pr\u00e9sent, puis\u00a0de noter ce que nous savions bien faire et ce qui nous posait davantage de probl\u00e8mes. Je m&#8217;entra\u00eene avec mes camarades. Tu\u00a0t&#8217;entra\u00eenes avec tes camarades. Il&#8230; <a href=\"https:\/\/blogs.stmaur.ac.jp\/fsk\/2017\/01\/10\/je-conjugue-au-present\/\">Read more: Je conjugue au pr\u00e9sent.<\/a><\/p>\n","protected":false},"author":22,"featured_media":0,"comment_status":"open","ping_status":"open","sticky":false,"template":"","format":"standard","meta":{"footnotes":""},"categories":[1],"tags":[],"class_list":["post-643","post","type-post","status-publish","format-standard","hentry","category-uncategorized"],"_links":{"self":[{"href":"https:\/\/blogs.stmaur.ac.jp\/fsk\/wp-json\/wp\/v2\/posts\/643","targetHints":{"allow":["GET"]}}],"collection":[{"href":"https:\/\/blogs.stmaur.ac.jp\/fsk\/wp-json\/wp\/v2\/posts"}],"about":[{"href":"https:\/\/blogs.stmaur.ac.jp\/fsk\/wp-json\/wp\/v2\/types\/post"}],"author":[{"embeddable":true,"href":"https:\/\/blogs.stmaur.ac.jp\/fsk\/wp-json\/wp\/v2\/users\/22"}],"replies":[{"embeddable":true,"href":"https:\/\/blogs.stmaur.ac.jp\/fsk\/wp-json\/wp\/v2\/comments?post=643"}],"version-history":[{"count":3,"href":"https:\/\/blogs.stmaur.ac.jp\/fsk\/wp-json\/wp\/v2\/posts\/643\/revisions"}],"predecessor-version":[{"id":663,"href":"https:\/\/blogs.stmaur.ac.jp\/fsk\/wp-json\/wp\/v2\/posts\/643\/revisions\/663"}],"wp:attachment":[{"href":"https:\/\/blogs.stmaur.ac.jp\/fsk\/wp-json\/wp\/v2\/media?parent=643"}],"wp:term":[{"taxonomy":"category","embeddable":true,"href":"https:\/\/blogs.stmaur.ac.jp\/fsk\/wp-json\/wp\/v2\/categories?post=643"},{"taxonomy":"post_tag","embeddable":true,"href":"https:\/\/blogs.stmaur.ac.jp\/fsk\/wp-json\/wp\/v2\/tags?post=643"}],"curies":[{"name":"wp","href":"https:\/\/api.w.org\/{rel}","templated":true}]}}