{"id":319,"date":"2016-09-29T14:03:49","date_gmt":"2016-09-29T05:03:49","guid":{"rendered":"http:\/\/blogs.stmaur.ac.jp\/fsk\/?p=319"},"modified":"2016-09-29T14:04:48","modified_gmt":"2016-09-29T05:04:48","slug":"mini-loup-et-la-dent-de-lait","status":"publish","type":"post","link":"https:\/\/blogs.stmaur.ac.jp\/fsk\/2016\/09\/29\/mini-loup-et-la-dent-de-lait\/","title":{"rendered":"Mini-loup et la dent de lait"},"content":{"rendered":"<p>Le ma\u00eetre nous dit toujours qu&#8217;il trouve formidable que nous proposions de faire d\u00e9couvrir des choses \u00e0 nos camarades de fa\u00e7on spontann\u00e9e, sans qu&#8217;il ne nous demande rien. Aujourd&#8217;hui, notre copain de CE1 du Br\u00e9sil a apport\u00e9 un livre sur les dents <strong><span style=\"color: #993300;\">Mini-loup et la dent de lait\u00a0<\/span><\/strong>(pour compl\u00e9ter les deux livres lus par le ma\u00eetre, <strong><span style=\"color: #993300;\">J&#8217;ai perdu ma dent<\/span><\/strong> et <strong><span style=\"color: #993300;\">La petite souris<\/span><\/strong>) dont il nous a lu quelques pages.\u00a0On a tous ador\u00e9 !\u00a0Nous sommes press\u00e9s de pouvoir lire la suite lors d&#8217;une prochaine pause biblioth\u00e8que !<\/p>\n<p><a href=\"http:\/\/blogs.stmaur.ac.jp\/fsk\/files\/2016\/09\/Laurent-lit-Mini-Loup-et-la-dent-de-lait-1eothyy.png\" rel=\"attachment wp-att-320\"><img loading=\"lazy\" decoding=\"async\" class=\"alignnone size-medium wp-image-320\" src=\"http:\/\/blogs.stmaur.ac.jp\/fsk\/files\/2016\/09\/Laurent-lit-Mini-Loup-et-la-dent-de-lait-1eothyy-300x300.png\" alt=\"laurent-lit-mini-loup-et-la-dent-de-lait\" width=\"300\" height=\"300\" \/><\/a><\/p>\n<p>C&#8217;\u00e9tait vraiment la journ\u00e9e des ma\u00eetres br\u00e9siliens ! <strong><span style=\"color: #339966;\">Multo Obligado<\/span><\/strong> !<\/p>\n","protected":false},"excerpt":{"rendered":"<p>Le ma\u00eetre nous dit toujours qu&#8217;il trouve formidable que nous proposions de faire d\u00e9couvrir des choses \u00e0 nos camarades de fa\u00e7on spontann\u00e9e, sans qu&#8217;il ne nous demande rien. Aujourd&#8217;hui, notre copain de CE1 du Br\u00e9sil a apport\u00e9 un livre sur les dents Mini-loup et la dent de lait\u00a0(pour compl\u00e9ter les deux livres lus par le&#8230; <a href=\"https:\/\/blogs.stmaur.ac.jp\/fsk\/2016\/09\/29\/mini-loup-et-la-dent-de-lait\/\">Read more: Mini-loup et la dent de lait<\/a><\/p>\n","protected":false},"author":22,"featured_media":0,"comment_status":"open","ping_status":"open","sticky":false,"template":"","format":"standard","meta":{"footnotes":""},"categories":[1],"tags":[],"class_list":["post-319","post","type-post","status-publish","format-standard","hentry","category-uncategorized"],"_links":{"self":[{"href":"https:\/\/blogs.stmaur.ac.jp\/fsk\/wp-json\/wp\/v2\/posts\/319","targetHints":{"allow":["GET"]}}],"collection":[{"href":"https:\/\/blogs.stmaur.ac.jp\/fsk\/wp-json\/wp\/v2\/posts"}],"about":[{"href":"https:\/\/blogs.stmaur.ac.jp\/fsk\/wp-json\/wp\/v2\/types\/post"}],"author":[{"embeddable":true,"href":"https:\/\/blogs.stmaur.ac.jp\/fsk\/wp-json\/wp\/v2\/users\/22"}],"replies":[{"embeddable":true,"href":"https:\/\/blogs.stmaur.ac.jp\/fsk\/wp-json\/wp\/v2\/comments?post=319"}],"version-history":[{"count":2,"href":"https:\/\/blogs.stmaur.ac.jp\/fsk\/wp-json\/wp\/v2\/posts\/319\/revisions"}],"predecessor-version":[{"id":322,"href":"https:\/\/blogs.stmaur.ac.jp\/fsk\/wp-json\/wp\/v2\/posts\/319\/revisions\/322"}],"wp:attachment":[{"href":"https:\/\/blogs.stmaur.ac.jp\/fsk\/wp-json\/wp\/v2\/media?parent=319"}],"wp:term":[{"taxonomy":"category","embeddable":true,"href":"https:\/\/blogs.stmaur.ac.jp\/fsk\/wp-json\/wp\/v2\/categories?post=319"},{"taxonomy":"post_tag","embeddable":true,"href":"https:\/\/blogs.stmaur.ac.jp\/fsk\/wp-json\/wp\/v2\/tags?post=319"}],"curies":[{"name":"wp","href":"https:\/\/api.w.org\/{rel}","templated":true}]}}